{"id":5566,"date":"2024-02-20T11:26:00","date_gmt":"2024-02-20T10:26:00","guid":{"rendered":"https:\/\/jutta-vogel-stiftung.de\/les-traditions-musicales-au-mali-dans-les-annees-90-la-richesse-culturelle-des-bamana-dogon-et-bwa\/"},"modified":"2025-06-05T12:21:16","modified_gmt":"2025-06-05T10:21:16","slug":"les-traditions-musicales-au-mali-dans-les-annees-90-la-richesse-culturelle-des-bamana-dogon-et-bwa","status":"publish","type":"post","link":"https:\/\/jutta-vogel-stiftung.de\/fr\/les-traditions-musicales-au-mali-dans-les-annees-90-la-richesse-culturelle-des-bamana-dogon-et-bwa\/","title":{"rendered":"Les traditions musicales au Mali dans les ann\u00e9es 90 &#8211; La richesse culturelle des Bamana, Dogon et Bwa"},"content":{"rendered":"\t\t<div data-elementor-type=\"wp-post\" data-elementor-id=\"5566\" class=\"elementor elementor-5566 elementor-3964\" data-elementor-post-type=\"post\">\n\t\t\t\t<div class=\"elementor-element elementor-element-2a4a81c7 e-flex e-con-boxed e-con e-parent\" data-id=\"2a4a81c7\" data-element_type=\"container\" data-e-type=\"container\">\n\t\t\t\t\t<div class=\"e-con-inner\">\n\t\t\t\t<div class=\"elementor-element elementor-element-2f29f76 elementor-widget elementor-widget-heading\" data-id=\"2f29f76\" data-element_type=\"widget\" data-e-type=\"widget\" data-widget_type=\"heading.default\">\n\t\t\t\t<div class=\"elementor-widget-container\">\n\t\t\t\t\t<h4 class=\"elementor-heading-title elementor-size-default\">Les traditions musicales au Mali dans les ann\u00e9es 90 - La richesse culturelle des Bamana, Dogon et Bwa<\/h4>\t\t\t\t<\/div>\n\t\t\t\t<\/div>\n\t\t\t\t<div class=\"elementor-element elementor-element-b76ca14 elementor-widget elementor-widget-text-editor\" data-id=\"b76ca14\" data-element_type=\"widget\" data-e-type=\"widget\" data-widget_type=\"text-editor.default\">\n\t\t\t\t<div class=\"elementor-widget-container\">\n\t\t\t\t\t\t\t\t\t<p class=\"p1\">La deuxi\u00e8me \u00e9dition des traditions musicales et chor\u00e9graphiques du Mali commence par le groupe ethnique le plus important en nombre, les Bamana, dans la r\u00e9gion de Baninko. En m\u00eame temps, le premier film donne un aper\u00e7u du cadre m\u00e9thodologique de la recherche sur le terrain. Deux autres documentaires pr\u00e9sentent l&rsquo;h\u00e9ritage musical des Dogons du plateau rocheux et des Bwa dans la r\u00e9gion de Tominian.  <\/p>\n<p><\/p>\n<p><i>benkadi f\u00f2li series<\/i> III. L&rsquo;Afrique en images vol. 4. DVD 2021 <\/p>\t\t\t\t\t\t\t\t<\/div>\n\t\t\t\t<\/div>\n\t\t\t\t<div class=\"elementor-element elementor-element-0ed2f75 elementor-widget elementor-widget-button\" data-id=\"0ed2f75\" data-element_type=\"widget\" data-e-type=\"widget\" data-widget_type=\"button.default\">\n\t\t\t\t<div class=\"elementor-widget-container\">\n\t\t\t\t\t\t\t\t\t<div class=\"elementor-button-wrapper\">\n\t\t\t\t\t<a class=\"elementor-button elementor-button-link elementor-size-sm\" href=\"https:\/\/www.benkadi.org\/portfolio\/musikalische-traditionen-in-mali-in-den-90er-jahren\" target=\"_blank\" rel=\"nofollow noopener\">\n\t\t\t\t\t\t<span class=\"elementor-button-content-wrapper\">\n\t\t\t\t\t\t<span class=\"elementor-button-icon\">\n\t\t\t\t<svg xmlns=\"http:\/\/www.w3.org\/2000\/svg\" fill=\"#000000\" viewBox=\"0 0 64 64\" width=\"64px\" height=\"64px\"><path d=\"M 16.113281 6.2050781 L 13.064453 8.7949219 L 31.578125 32.003906 L 13.0625 55.308594 L 16.115234 57.892578 L 37.701172 33.9375 L 39.451172 31.996094 L 37.697266 30.056641 L 16.113281 6.2050781 z M 33.113281 6.2050781 L 30.064453 8.7949219 L 48.578125 32.003906 L 30.0625 55.308594 L 33.115234 57.892578 L 54.701172 33.9375 L 56.451172 31.996094 L 54.697266 30.056641 L 33.113281 6.2050781 z\"><\/path><\/svg>\t\t\t<\/span>\n\t\t\t\t\t\t\t\t\t<span class=\"elementor-button-text\">Vers les films<\/span>\n\t\t\t\t\t<\/span>\n\t\t\t\t\t<\/a>\n\t\t\t\t<\/div>\n\t\t\t\t\t\t\t\t<\/div>\n\t\t\t\t<\/div>\n\t\t\t\t\t<\/div>\n\t\t\t\t<\/div>\n\t\t\t\t<\/div>\n\t\t","protected":false},"excerpt":{"rendered":"<p>Les traditions musicales au Mali dans les ann\u00e9es 90 &#8211; La richesse culturelle des Bamana, Dogon et Bwa La deuxi\u00e8me \u00e9dition des traditions musicales et chor\u00e9graphiques du Mali commence par le groupe ethnique le plus important en nombre, les Bamana, dans la r\u00e9gion de Baninko. En m\u00eame temps, le premier film donne un aper\u00e7u du [&hellip;]<\/p>\n","protected":false},"author":1,"featured_media":5439,"comment_status":"closed","ping_status":"closed","sticky":false,"template":"","format":"standard","meta":{"_acf_changed":false,"site-sidebar-layout":"default","site-content-layout":"","ast-site-content-layout":"default","site-content-style":"default","site-sidebar-style":"default","ast-global-header-display":"","ast-banner-title-visibility":"","ast-main-header-display":"","ast-hfb-above-header-display":"","ast-hfb-below-header-display":"","ast-hfb-mobile-header-display":"","site-post-title":"","ast-breadcrumbs-content":"","ast-featured-img":"","footer-sml-layout":"","ast-disable-related-posts":"","theme-transparent-header-meta":"","adv-header-id-meta":"","stick-header-meta":"","header-above-stick-meta":"","header-main-stick-meta":"","header-below-stick-meta":"","astra-migrate-meta-layouts":"default","ast-page-background-enabled":"default","ast-page-background-meta":{"desktop":{"background-color":"","background-image":"","background-repeat":"repeat","background-position":"center center","background-size":"auto","background-attachment":"scroll","background-type":"","background-media":"","overlay-type":"","overlay-color":"","overlay-opacity":"","overlay-gradient":""},"tablet":{"background-color":"","background-image":"","background-repeat":"repeat","background-position":"center center","background-size":"auto","background-attachment":"scroll","background-type":"","background-media":"","overlay-type":"","overlay-color":"","overlay-opacity":"","overlay-gradient":""},"mobile":{"background-color":"","background-image":"","background-repeat":"repeat","background-position":"center center","background-size":"auto","background-attachment":"scroll","background-type":"","background-media":"","overlay-type":"","overlay-color":"","overlay-opacity":"","overlay-gradient":""}},"ast-content-background-meta":{"desktop":{"background-color":"var(--ast-global-color-5)","background-image":"","background-repeat":"repeat","background-position":"center center","background-size":"auto","background-attachment":"scroll","background-type":"","background-media":"","overlay-type":"","overlay-color":"","overlay-opacity":"","overlay-gradient":""},"tablet":{"background-color":"var(--ast-global-color-5)","background-image":"","background-repeat":"repeat","background-position":"center center","background-size":"auto","background-attachment":"scroll","background-type":"","background-media":"","overlay-type":"","overlay-color":"","overlay-opacity":"","overlay-gradient":""},"mobile":{"background-color":"var(--ast-global-color-5)","background-image":"","background-repeat":"repeat","background-position":"center center","background-size":"auto","background-attachment":"scroll","background-type":"","background-media":"","overlay-type":"","overlay-color":"","overlay-opacity":"","overlay-gradient":""}},"footnotes":""},"categories":[38],"tags":[],"class_list":["post-5566","post","type-post","status-publish","format-standard","has-post-thumbnail","hentry","category-non-classifiee"],"acf":[],"_links":{"self":[{"href":"https:\/\/jutta-vogel-stiftung.de\/fr\/wp-json\/wp\/v2\/posts\/5566","targetHints":{"allow":["GET"]}}],"collection":[{"href":"https:\/\/jutta-vogel-stiftung.de\/fr\/wp-json\/wp\/v2\/posts"}],"about":[{"href":"https:\/\/jutta-vogel-stiftung.de\/fr\/wp-json\/wp\/v2\/types\/post"}],"author":[{"embeddable":true,"href":"https:\/\/jutta-vogel-stiftung.de\/fr\/wp-json\/wp\/v2\/users\/1"}],"replies":[{"embeddable":true,"href":"https:\/\/jutta-vogel-stiftung.de\/fr\/wp-json\/wp\/v2\/comments?post=5566"}],"version-history":[{"count":7,"href":"https:\/\/jutta-vogel-stiftung.de\/fr\/wp-json\/wp\/v2\/posts\/5566\/revisions"}],"predecessor-version":[{"id":6655,"href":"https:\/\/jutta-vogel-stiftung.de\/fr\/wp-json\/wp\/v2\/posts\/5566\/revisions\/6655"}],"wp:featuredmedia":[{"embeddable":true,"href":"https:\/\/jutta-vogel-stiftung.de\/fr\/wp-json\/wp\/v2\/media\/5439"}],"wp:attachment":[{"href":"https:\/\/jutta-vogel-stiftung.de\/fr\/wp-json\/wp\/v2\/media?parent=5566"}],"wp:term":[{"taxonomy":"category","embeddable":true,"href":"https:\/\/jutta-vogel-stiftung.de\/fr\/wp-json\/wp\/v2\/categories?post=5566"},{"taxonomy":"post_tag","embeddable":true,"href":"https:\/\/jutta-vogel-stiftung.de\/fr\/wp-json\/wp\/v2\/tags?post=5566"}],"curies":[{"name":"wp","href":"https:\/\/api.w.org\/{rel}","templated":true}]}}