{"id":5584,"date":"2024-07-07T15:36:06","date_gmt":"2024-07-07T13:36:06","guid":{"rendered":"https:\/\/jutta-vogel-stiftung.de\/festival-du-film-africain-de-cologne-19-29-septembre-2024\/"},"modified":"2024-11-26T14:09:00","modified_gmt":"2024-11-26T13:09:00","slug":"festival-du-film-africain-de-cologne-19-29-septembre-2024","status":"publish","type":"post","link":"https:\/\/jutta-vogel-stiftung.de\/fr\/festival-du-film-africain-de-cologne-19-29-septembre-2024\/","title":{"rendered":"Festival du film africain de Cologne 19-29 septembre 2024"},"content":{"rendered":"\n<p>Cette ann\u00e9e encore, le 21e Festival du film africain promet un programme vari\u00e9 de longs m\u00e9trages, de documentaires et de courts m\u00e9trages qui offrent un aper\u00e7u captivant des multiples r\u00e9alit\u00e9s de l&rsquo;Afrique. Le Festival du film africain de Cologne se concentrera sur la c\u00e9l\u00e9bration de la diversit\u00e9 des cultures et des r\u00e9cits africains \u00e0 travers le m\u00e9dia transformateur qu&rsquo;est le cin\u00e9ma.   <\/p>\n\n<p>Des r\u00e9cits passionnants aux documentaires qui donnent \u00e0 r\u00e9fl\u00e9chir, chaque film refl\u00e8te la profondeur et la diversit\u00e9 des exp\u00e9riences africaines et afro-diasporiques, invitant le public \u00e0 s&rsquo;interroger sur les questions d&rsquo;identit\u00e9, d&rsquo;histoire, de justice sociale et de r\u00e9silience humaine.<\/p>\n\n<p>Chaque ann\u00e9e, le festival pr\u00e9sente une image authentique et diversifi\u00e9e de l&rsquo;Afrique et contribue \u00e0 la lutte contre les pr\u00e9jug\u00e9s et \u00e0 l&rsquo;\u00e9ducation culturelle.<\/p>\n","protected":false},"excerpt":{"rendered":"<p>Cette ann\u00e9e encore, le 21e Festival du film africain promet un programme vari\u00e9 de longs m\u00e9trages, de documentaires et de courts m\u00e9trages qui offrent un aper\u00e7u captivant des multiples r\u00e9alit\u00e9s de l&rsquo;Afrique. Le Festival du film africain de Cologne se concentrera sur la c\u00e9l\u00e9bration de la diversit\u00e9 des cultures et des r\u00e9cits africains \u00e0 travers [&hellip;]<\/p>\n","protected":false},"author":1,"featured_media":5435,"comment_status":"closed","ping_status":"closed","sticky":false,"template":"","format":"standard","meta":{"_acf_changed":false,"site-sidebar-layout":"default","site-content-layout":"","ast-site-content-layout":"default","site-content-style":"default","site-sidebar-style":"default","ast-global-header-display":"","ast-banner-title-visibility":"","ast-main-header-display":"","ast-hfb-above-header-display":"","ast-hfb-below-header-display":"","ast-hfb-mobile-header-display":"","site-post-title":"","ast-breadcrumbs-content":"","ast-featured-img":"","footer-sml-layout":"","ast-disable-related-posts":"","theme-transparent-header-meta":"","adv-header-id-meta":"","stick-header-meta":"","header-above-stick-meta":"","header-main-stick-meta":"","header-below-stick-meta":"","astra-migrate-meta-layouts":"default","ast-page-background-enabled":"default","ast-page-background-meta":{"desktop":{"background-color":"","background-image":"","background-repeat":"repeat","background-position":"center center","background-size":"auto","background-attachment":"scroll","background-type":"","background-media":"","overlay-type":"","overlay-color":"","overlay-opacity":"","overlay-gradient":""},"tablet":{"background-color":"","background-image":"","background-repeat":"repeat","background-position":"center center","background-size":"auto","background-attachment":"scroll","background-type":"","background-media":"","overlay-type":"","overlay-color":"","overlay-opacity":"","overlay-gradient":""},"mobile":{"background-color":"","background-image":"","background-repeat":"repeat","background-position":"center center","background-size":"auto","background-attachment":"scroll","background-type":"","background-media":"","overlay-type":"","overlay-color":"","overlay-opacity":"","overlay-gradient":""}},"ast-content-background-meta":{"desktop":{"background-color":"var(--ast-global-color-5)","background-image":"","background-repeat":"repeat","background-position":"center center","background-size":"auto","background-attachment":"scroll","background-type":"","background-media":"","overlay-type":"","overlay-color":"","overlay-opacity":"","overlay-gradient":""},"tablet":{"background-color":"var(--ast-global-color-5)","background-image":"","background-repeat":"repeat","background-position":"center center","background-size":"auto","background-attachment":"scroll","background-type":"","background-media":"","overlay-type":"","overlay-color":"","overlay-opacity":"","overlay-gradient":""},"mobile":{"background-color":"var(--ast-global-color-5)","background-image":"","background-repeat":"repeat","background-position":"center center","background-size":"auto","background-attachment":"scroll","background-type":"","background-media":"","overlay-type":"","overlay-color":"","overlay-opacity":"","overlay-gradient":""}},"footnotes":""},"categories":[38],"tags":[],"class_list":["post-5584","post","type-post","status-publish","format-standard","has-post-thumbnail","hentry","category-non-classifiee"],"acf":[],"_links":{"self":[{"href":"https:\/\/jutta-vogel-stiftung.de\/fr\/wp-json\/wp\/v2\/posts\/5584","targetHints":{"allow":["GET"]}}],"collection":[{"href":"https:\/\/jutta-vogel-stiftung.de\/fr\/wp-json\/wp\/v2\/posts"}],"about":[{"href":"https:\/\/jutta-vogel-stiftung.de\/fr\/wp-json\/wp\/v2\/types\/post"}],"author":[{"embeddable":true,"href":"https:\/\/jutta-vogel-stiftung.de\/fr\/wp-json\/wp\/v2\/users\/1"}],"replies":[{"embeddable":true,"href":"https:\/\/jutta-vogel-stiftung.de\/fr\/wp-json\/wp\/v2\/comments?post=5584"}],"version-history":[{"count":0,"href":"https:\/\/jutta-vogel-stiftung.de\/fr\/wp-json\/wp\/v2\/posts\/5584\/revisions"}],"wp:featuredmedia":[{"embeddable":true,"href":"https:\/\/jutta-vogel-stiftung.de\/fr\/wp-json\/wp\/v2\/media\/5435"}],"wp:attachment":[{"href":"https:\/\/jutta-vogel-stiftung.de\/fr\/wp-json\/wp\/v2\/media?parent=5584"}],"wp:term":[{"taxonomy":"category","embeddable":true,"href":"https:\/\/jutta-vogel-stiftung.de\/fr\/wp-json\/wp\/v2\/categories?post=5584"},{"taxonomy":"post_tag","embeddable":true,"href":"https:\/\/jutta-vogel-stiftung.de\/fr\/wp-json\/wp\/v2\/tags?post=5584"}],"curies":[{"name":"wp","href":"https:\/\/api.w.org\/{rel}","templated":true}]}}